{"id":20068,"date":"2025-11-05T10:55:29","date_gmt":"2025-11-05T09:55:29","guid":{"rendered":"https:\/\/www.antica.be\/news\/niah-juella-mcleod-doonooch-mabra-l-owl-eyes\/"},"modified":"2025-11-05T11:00:55","modified_gmt":"2025-11-05T10:00:55","slug":"niah-juella-mcleod-doonooch-mabra-l-dans-le-sillage-de-la-chouette","status":"publish","type":"news","link":"https:\/\/www.antica.be\/fr\/news\/niah-juella-mcleod-doonooch-mabra-l-dans-le-sillage-de-la-chouette\/","title":{"rendered":"Niah Juella McLeod Doonooch Mabra l Dans le sillage de la chouette"},"content":{"rendered":"<p>N\u00e9e en 1991 \u00e0 Nowra, en Australie, Niah Juella McLeod est une artiste contemporaine d\u2019origine aborig\u00e8ne Yuin (Wandandian, Gunaikurnai, Jaimathang et Monaro) et anglo-celtique. Elle grandit \u00e0 Bangalow, entour\u00e9e par la nature et une famille aimante.<\/p>\n<p>Entre l\u2019univers artistique de sa m\u00e8re et l\u2019h\u00e9ritage spirituel de son p\u00e8re, Bobby McLeod, po\u00e8te et militant aborig\u00e8ne, son regard se fa\u00e7onne. Aujourd\u2019hui install\u00e9e \u00e0 Byron Bay avec son mari et leurs trois enfants, Niah explore son identit\u00e9 \u00e0 travers une pratique artistique sensible et m\u00e9ditative. La perte de sa grand-m\u00e8re marque un tournant. Elle entreprend alors un chemin de reconnexion \u00e0 ses racines, qu\u2019elle exprime dans des oeuvres faites de lignes et de points d\u00e9licats, comme autant d\u2019espaces de transmission, de m\u00e9moire et d\u2019identit\u00e9.<\/p>\n<p>\u00ab Quand je peins des points et des lignes, j\u2019ai l\u2019impression de respirer. De chaque point \u00e9mane un souffle. \u00bb<\/p>\n","protected":false},"excerpt":{"rendered":"<p>Publication monographique \u00e0 l&#8217;occasion de l&#8217;exposition &#8220;Niah Juella McLeod Doonooch Mabra l Owl Eyes &#8211; Dans le sillage de la chouette \u00bb Catalogue bilingue Fran\u00e7ais\/Anglais  Format 26 x 21 cm  Broch\u00e9, 56 pages ISBN : 979-10-95931-03-4<\/p>\n","protected":false},"featured_media":20071,"template":"","meta":{"_seopress_robots_primary_cat":"","_seopress_titles_title":"","_seopress_titles_desc":"","_seopress_robots_index":"","_api_id":"66061","_exhibitors":["13131"],"footnotes":""},"edition":[370],"country":[],"class_list":["post-20068","news","type-news","status-publish","has-post-thumbnail","hentry","edition-antica-namur-fine-art-fair-2025"],"_links":{"self":[{"href":"https:\/\/www.antica.be\/fr\/wp-json\/wp\/v2\/news\/20068","targetHints":{"allow":["GET"]}}],"collection":[{"href":"https:\/\/www.antica.be\/fr\/wp-json\/wp\/v2\/news"}],"about":[{"href":"https:\/\/www.antica.be\/fr\/wp-json\/wp\/v2\/types\/news"}],"version-history":[{"count":2,"href":"https:\/\/www.antica.be\/fr\/wp-json\/wp\/v2\/news\/20068\/revisions"}],"predecessor-version":[{"id":20077,"href":"https:\/\/www.antica.be\/fr\/wp-json\/wp\/v2\/news\/20068\/revisions\/20077"}],"wp:featuredmedia":[{"embeddable":true,"href":"https:\/\/www.antica.be\/fr\/wp-json\/wp\/v2\/media\/20071"}],"wp:attachment":[{"href":"https:\/\/www.antica.be\/fr\/wp-json\/wp\/v2\/media?parent=20068"}],"wp:term":[{"taxonomy":"edition","embeddable":true,"href":"https:\/\/www.antica.be\/fr\/wp-json\/wp\/v2\/edition?post=20068"},{"taxonomy":"country","embeddable":true,"href":"https:\/\/www.antica.be\/fr\/wp-json\/wp\/v2\/country?post=20068"}],"curies":[{"name":"wp","href":"https:\/\/api.w.org\/{rel}","templated":true}]}}